{"id":1259,"date":"2014-06-20T00:28:26","date_gmt":"2014-06-19T23:28:26","guid":{"rendered":"http:\/\/www.aucoindelaroue.com\/?p=1259"},"modified":"2020-12-29T21:25:19","modified_gmt":"2020-12-29T20:25:19","slug":"on-pousse-la-chansonnette-a-arras","status":"publish","type":"post","link":"http:\/\/www.aucoindelaroue.com\/en\/2014\/06\/on-pousse-la-chansonnette-a-arras\/","title":{"rendered":"On pousse la chansonnette \u00e0 Arras"},"content":{"rendered":"<p><iframe loading=\"lazy\" title=\"La chanson de Driss, Arras 15 juin 2014\" src=\"https:\/\/player.vimeo.com\/video\/98682133?dnt=1&amp;app_id=122963\" width=\"640\" height=\"360\" frameborder=\"0\" allow=\"autoplay; fullscreen\" allowfullscreen><\/iframe><\/p>\n<p>De passage \u00e0 Arras dimanche dernier, nous sommes tomb\u00e9s sur le festival &#8220;Fa\u00eetes de la chanson&#8221; o\u00f9 nous nous sommes permis d&#8217;aller chanter (faux) la Chanson de Driss, accompagn\u00e9s par Thierry \u00e0 l&#8217;accord\u00e9on!<\/p>\n<p><\/p>","protected":false},"excerpt":{"rendered":"<p>De passage \u00e0 Arras dimanche dernier, nous sommes tomb\u00e9s sur le festival &#8220;Fa\u00eetes de la chanson&#8221; o\u00f9 nous nous sommes permis d&#8217;aller chanter (faux) la Chanson de Driss, accompagn\u00e9s par Thierry \u00e0 l&#8217;accord\u00e9on!<\/p>\n","protected":false},"author":4,"featured_media":1250,"comment_status":"open","ping_status":"open","sticky":false,"template":"","format":"video","meta":[],"categories":[13,11],"tags":[],"geo":{"latitude":50.2911568,"longitude":2.773886,"description":"Arras, Hauts-de-France, 62000, FR"},"_links":{"self":[{"href":"http:\/\/www.aucoindelaroue.com\/en\/wp-json\/wp\/v2\/posts\/1259"}],"collection":[{"href":"http:\/\/www.aucoindelaroue.com\/en\/wp-json\/wp\/v2\/posts"}],"about":[{"href":"http:\/\/www.aucoindelaroue.com\/en\/wp-json\/wp\/v2\/types\/post"}],"author":[{"embeddable":true,"href":"http:\/\/www.aucoindelaroue.com\/en\/wp-json\/wp\/v2\/users\/4"}],"replies":[{"embeddable":true,"href":"http:\/\/www.aucoindelaroue.com\/en\/wp-json\/wp\/v2\/comments?post=1259"}],"version-history":[{"count":5,"href":"http:\/\/www.aucoindelaroue.com\/en\/wp-json\/wp\/v2\/posts\/1259\/revisions"}],"predecessor-version":[{"id":7861,"href":"http:\/\/www.aucoindelaroue.com\/en\/wp-json\/wp\/v2\/posts\/1259\/revisions\/7861"}],"wp:featuredmedia":[{"embeddable":true,"href":"http:\/\/www.aucoindelaroue.com\/en\/wp-json\/wp\/v2\/media\/1250"}],"wp:attachment":[{"href":"http:\/\/www.aucoindelaroue.com\/en\/wp-json\/wp\/v2\/media?parent=1259"}],"wp:term":[{"taxonomy":"category","embeddable":true,"href":"http:\/\/www.aucoindelaroue.com\/en\/wp-json\/wp\/v2\/categories?post=1259"},{"taxonomy":"post_tag","embeddable":true,"href":"http:\/\/www.aucoindelaroue.com\/en\/wp-json\/wp\/v2\/tags?post=1259"}],"curies":[{"name":"wp","href":"https:\/\/api.w.org\/{rel}","templated":true}]}}