{"id":1163,"date":"2014-05-25T11:43:54","date_gmt":"2014-05-25T10:43:54","guid":{"rendered":"http:\/\/www.aucoindelaroue.com\/?p=1163"},"modified":"2014-07-08T13:52:20","modified_gmt":"2014-07-08T12:52:20","slug":"rendez-vous-le-7-juin-pour-le-depart","status":"publish","type":"post","link":"http:\/\/www.aucoindelaroue.com\/en\/2014\/05\/rendez-vous-le-7-juin-pour-le-depart\/","title":{"rendered":"Rendez vous le 7 juin pour le d\u00e9part!"},"content":{"rendered":"<p>&nbsp;<\/p>\n<p>Bonjour tout le monde,<\/p>\n<p>Voil\u00e0, notre d\u00e9part approche&#8230;<\/p>\n<p>Nous proposons \u00e0 celles et ceux qui le d\u00e9sirent et qui en ont la possibilit\u00e9 de se retrouver le samedi 7 juin pour un dernier coucou avant de partir:<\/p>\n<p>Rendez vous devant la mairie de Montreuil \u00e0 9h, nous donnerons le 1er coup de p\u00e9dales vers 10h, direction: STOCKHOLM<\/p>\n<p>Certains d&#8217;entre vous nous ont dit qu&#8217;ils en profiteraient pour faire un bout de balade \u00e0 v\u00e9lo ou en rollers avec nous, si le coeur vous en dit c&#8217;est avec plaisir qu&#8217;on fera un petit bout de route ensemble, voici le parcours de la journ\u00e9e (environ 40 km):<\/p>\n<p>&#8211; d\u00e9part Montreuil<\/p>\n<p>&#8211; direction le canal de l&#8217;Ourcq \u00e0 Bobigny<\/p>\n<p>&#8211; nous suivrons le canal de l&#8217;Ourcq par la voie cyclable jusqu&#8217;\u00e0 La Claye Souilly<\/p>\n<p>&#8211; encore quelques kilom\u00e8tres avant de finir la journ\u00e9e<\/p>\n<p>Merci de nous contacter pour nous pr\u00e9venir si vous nous accompagnez pour quelques heures, une journ\u00e9e, voire plus&#8230; afin que nous ayons une id\u00e9e de la taille du cort\u00e8ge et \u00e9ventuellement pr\u00e9voir la s\u00e9curit\u00e9!<\/p>\n<p>A bient\u00f4t!!!!<\/p>\n<p style=\"text-align: center;\"><img loading=\"lazy\" class=\"size-full wp-image-1164 aligncenter\" alt=\"\" src=\"http:\/\/www.aucoindelaroue.com\/wp-content\/uploads\/2014\/05\/02.jpg\" width=\"1626\" height=\"746\" srcset=\"http:\/\/www.aucoindelaroue.com\/wp-content\/uploads\/2014\/05\/02.jpg 1626w, http:\/\/www.aucoindelaroue.com\/wp-content\/uploads\/2014\/05\/02-300x137.jpg 300w, http:\/\/www.aucoindelaroue.com\/wp-content\/uploads\/2014\/05\/02-750x344.jpg 750w, http:\/\/www.aucoindelaroue.com\/wp-content\/uploads\/2014\/05\/02-600x275.jpg 600w\" sizes=\"(max-width: 1626px) 100vw, 1626px\" \/><\/p>\n","protected":false},"excerpt":{"rendered":"<p>&nbsp; Bonjour tout le monde, Voil\u00e0, notre d\u00e9part approche&#8230; Nous proposons \u00e0 celles et ceux qui le d\u00e9sirent et qui en ont la possibilit\u00e9 de se retrouver le samedi 7 juin pour un dernier coucou avant de partir: Rendez vous devant la mairie de Montreuil \u00e0 9h, nous donnerons le 1er coup de p\u00e9dales vers [&hellip;]<\/p>\n","protected":false},"author":4,"featured_media":1166,"comment_status":"open","ping_status":"open","sticky":false,"template":"","format":"standard","meta":[],"categories":[13,3],"tags":[],"geo":{"latitude":48.8624344,"longitude":2.4415641,"description":"Mairie de Montreuil, 93100 Montreuil, France"},"_links":{"self":[{"href":"http:\/\/www.aucoindelaroue.com\/en\/wp-json\/wp\/v2\/posts\/1163"}],"collection":[{"href":"http:\/\/www.aucoindelaroue.com\/en\/wp-json\/wp\/v2\/posts"}],"about":[{"href":"http:\/\/www.aucoindelaroue.com\/en\/wp-json\/wp\/v2\/types\/post"}],"author":[{"embeddable":true,"href":"http:\/\/www.aucoindelaroue.com\/en\/wp-json\/wp\/v2\/users\/4"}],"replies":[{"embeddable":true,"href":"http:\/\/www.aucoindelaroue.com\/en\/wp-json\/wp\/v2\/comments?post=1163"}],"version-history":[{"count":7,"href":"http:\/\/www.aucoindelaroue.com\/en\/wp-json\/wp\/v2\/posts\/1163\/revisions"}],"predecessor-version":[{"id":1558,"href":"http:\/\/www.aucoindelaroue.com\/en\/wp-json\/wp\/v2\/posts\/1163\/revisions\/1558"}],"wp:featuredmedia":[{"embeddable":true,"href":"http:\/\/www.aucoindelaroue.com\/en\/wp-json\/wp\/v2\/media\/1166"}],"wp:attachment":[{"href":"http:\/\/www.aucoindelaroue.com\/en\/wp-json\/wp\/v2\/media?parent=1163"}],"wp:term":[{"taxonomy":"category","embeddable":true,"href":"http:\/\/www.aucoindelaroue.com\/en\/wp-json\/wp\/v2\/categories?post=1163"},{"taxonomy":"post_tag","embeddable":true,"href":"http:\/\/www.aucoindelaroue.com\/en\/wp-json\/wp\/v2\/tags?post=1163"}],"curies":[{"name":"wp","href":"https:\/\/api.w.org\/{rel}","templated":true}]}}